{"id":23169,"date":"2024-01-02T09:33:27","date_gmt":"2024-01-02T09:33:27","guid":{"rendered":"https:\/\/enerparking.com\/?p=23169"},"modified":"2024-08-07T09:40:52","modified_gmt":"2024-08-07T09:40:52","slug":"cubierta-solar-para-pistas-de-padel-en-mallorca","status":"publish","type":"post","link":"https:\/\/enerparking.com\/index.php\/2024\/01\/02\/cubierta-solar-para-pistas-de-padel-en-mallorca\/","title":{"rendered":"Nuevo Proyecto: Cubierta Solar para 10 pistas de p\u00e1del en Mallorca."},"content":{"rendered":"<p><div class=\"fusion-fullwidth fullwidth-box fusion-builder-row-1 fusion-flex-container has-pattern-background has-mask-background nonhundred-percent-fullwidth non-hundred-percent-height-scrolling\" style=\"background-color: rgba(255,255,255,0);background-position: center center;background-repeat: no-repeat;border-width: 0px 0px 0px 0px;border-color:#eae9e9;border-style:solid;\" ><div class=\"fusion-builder-row fusion-row fusion-flex-align-items-flex-start\" style=\"max-width:1216.8px;margin-left: calc(-4% \/ 2 );margin-right: calc(-4% \/ 2 );\"><div class=\"fusion-layout-column fusion_builder_column fusion-builder-column-0 fusion_builder_column_1_1 1_1 fusion-flex-column\"><div class=\"fusion-column-wrapper fusion-flex-justify-content-flex-start fusion-content-layout-column\" style=\"background-position:left top;background-repeat:no-repeat;-webkit-background-size:cover;-moz-background-size:cover;-o-background-size:cover;background-size:cover;padding: 0px 0px 0px 0px;\"><div class=\"fusion-text fusion-text-1\"><p>Arrancamos 2024  comenzando las obras de la nueva cubierta solar de <em><strong>ENERparking<\/strong><\/em>. Esta ser\u00e1 la pieza central del nuevo <strong>Smash P\u00e1del Playa de Muro<\/strong> y del hotel EIX Lagot\u00e9l en Playa de Muro, Mallorca.<\/p>\n<p>Se trata de una cubierta solar  estanca que cubrir\u00e1 completamente<strong> 10 pistas de p\u00e1del<\/strong>. Adem\u00e1s de ofrecer protecci\u00f3n clim\u00e1tica a los jugadores, generar\u00e1 energ\u00eda el\u00e9ctrica que ser\u00e1 consumida internamente por el hotel EIX Lagot\u00e9l y el propio club.<\/p>\n<p>En total, se instalar\u00e1n <strong>1.440 paneles<\/strong> solares fotovoltaicos de doble cristal, con una potencia instalada de <strong>653 kilovatios<\/strong>, cubriendo un \u00e1rea de<strong> 3.072 metros cuadrados<\/strong>, esta imponente superficie se colocar\u00e1 a <strong>9 metros de altura<\/strong>.<\/p>\n<p>La cubierta solar se espera que produzca <strong>810.000 kilovatios hora<\/strong> cada a\u00f1o, lo que permitir\u00e1 que el 25% de la demanda total de electricidad del hotel sea satisfecha directamente por esta fuente renovable y sostenible.<\/p>\n<\/div><\/div><style type=\"text\/css\">.fusion-body .fusion-builder-column-0{width:100% !important;margin-top : 0px;margin-bottom : 20px;}.fusion-builder-column-0 > .fusion-column-wrapper {padding-top : 0px !important;padding-right : 0px !important;margin-right : 1.92%;padding-bottom : 0px !important;padding-left : 0px !important;margin-left : 1.92%;}@media only screen and (max-width:1024px) {.fusion-body .fusion-builder-column-0{width:100% !important;order : 0;}.fusion-builder-column-0 > .fusion-column-wrapper {margin-right : 1.92%;margin-left : 1.92%;}}@media only screen and (max-width:640px) {.fusion-body .fusion-builder-column-0{width:100% !important;order : 0;}.fusion-builder-column-0 > .fusion-column-wrapper {margin-right : 1.92%;margin-left : 1.92%;}}<\/style><\/div><\/div><style type=\"text\/css\">.fusion-body .fusion-flex-container.fusion-builder-row-1{ padding-top : 0px;margin-top : 0px;padding-right : 0px;padding-bottom : 0px;margin-bottom : 0px;padding-left : 0px;}<\/style><\/div><div class=\"fusion-fullwidth fullwidth-box fusion-builder-row-2 hundred-percent-fullwidth non-hundred-percent-height-scrolling\" style=\"background-color: rgba(255,255,255,0);background-position: left center;background-repeat: no-repeat;padding-top:0px;padding-right:0px;padding-bottom:0px;padding-left:0px;margin-bottom: 0px;margin-top: 0px;border-width: 0px 0px 0px 0px;border-color:#eae9e9;border-style:solid;\" ><div class=\"fusion-builder-row fusion-row\"><div class=\"fusion-layout-column fusion_builder_column fusion-builder-column-1 fusion_builder_column_1_3 1_3 fusion-one-third fusion-column-first\" style=\"margin-top:0px;margin-bottom:20px;\"><div class=\"fusion-column-wrapper fusion-flex-column-wrapper-legacy\" style=\"background-position:left top;background-repeat:no-repeat;-webkit-background-size:cover;-moz-background-size:cover;-o-background-size:cover;background-size:cover;padding: 0px 0px 0px 0px;\"><span class=\" fusion-imageframe imageframe-none imageframe-1 hover-type-zoomin\"><a href=\"https:\/\/enerparking.com\/wp-content\/uploads\/2024\/02\/ENERparking_padel_02.png\" class=\"fusion-lightbox\" data-rel=\"iLightbox[827d25ea495fa80fcee]\" data-title=\"ENERparking_padel_02\" title=\"ENERparking_padel_02\"><img decoding=\"async\" width=\"1920\" height=\"1080\" src=\"https:\/\/enerparking.com\/wp-content\/uploads\/2024\/02\/ENERparking_padel_02.png\" alt class=\"img-responsive wp-image-22969\" srcset=\"https:\/\/enerparking.com\/wp-content\/uploads\/2024\/02\/ENERparking_padel_02-200x113.png 200w, https:\/\/enerparking.com\/wp-content\/uploads\/2024\/02\/ENERparking_padel_02-400x225.png 400w, https:\/\/enerparking.com\/wp-content\/uploads\/2024\/02\/ENERparking_padel_02-600x338.png 600w, https:\/\/enerparking.com\/wp-content\/uploads\/2024\/02\/ENERparking_padel_02-800x450.png 800w, https:\/\/enerparking.com\/wp-content\/uploads\/2024\/02\/ENERparking_padel_02-1200x675.png 1200w, https:\/\/enerparking.com\/wp-content\/uploads\/2024\/02\/ENERparking_padel_02.png 1920w\" sizes=\"(max-width: 800px) 100vw, 400px\" \/><\/a><\/span><div class=\"fusion-clearfix\"><\/div><\/div><\/div><div class=\"fusion-layout-column fusion_builder_column fusion-builder-column-2 fusion_builder_column_1_3 1_3 fusion-one-third\" style=\"margin-top:0px;margin-bottom:2px;\"><div class=\"fusion-column-wrapper fusion-flex-column-wrapper-legacy\" style=\"background-position:left top;background-repeat:no-repeat;-webkit-background-size:cover;-moz-background-size:cover;-o-background-size:cover;background-size:cover;padding: 0px 0px 79px 0px;\"><span class=\" fusion-imageframe imageframe-none imageframe-2 hover-type-zoomin\"><a href=\"https:\/\/enerparking.com\/wp-content\/uploads\/2024\/02\/ENERparking_padel_03.png\" class=\"fusion-lightbox\" data-rel=\"iLightbox[0c249442a197cd89dbd]\" data-title=\"ENERparking_padel_03\" title=\"ENERparking_padel_03\"><img decoding=\"async\" width=\"1920\" height=\"1080\" src=\"https:\/\/enerparking.com\/wp-content\/uploads\/2024\/02\/ENERparking_padel_03.png\" alt class=\"img-responsive wp-image-22971\" srcset=\"https:\/\/enerparking.com\/wp-content\/uploads\/2024\/02\/ENERparking_padel_03-200x113.png 200w, https:\/\/enerparking.com\/wp-content\/uploads\/2024\/02\/ENERparking_padel_03-400x225.png 400w, https:\/\/enerparking.com\/wp-content\/uploads\/2024\/02\/ENERparking_padel_03-600x338.png 600w, https:\/\/enerparking.com\/wp-content\/uploads\/2024\/02\/ENERparking_padel_03-800x450.png 800w, https:\/\/enerparking.com\/wp-content\/uploads\/2024\/02\/ENERparking_padel_03-1200x675.png 1200w, https:\/\/enerparking.com\/wp-content\/uploads\/2024\/02\/ENERparking_padel_03.png 1920w\" sizes=\"(max-width: 800px) 100vw, 400px\" \/><\/a><\/span><div class=\"fusion-clearfix\"><\/div><\/div><\/div><div class=\"fusion-layout-column fusion_builder_column fusion-builder-column-3 fusion_builder_column_1_3 1_3 fusion-one-third fusion-column-last\" style=\"margin-top:0px;margin-bottom:20px;\"><div class=\"fusion-column-wrapper fusion-flex-column-wrapper-legacy\" style=\"background-position:left top;background-repeat:no-repeat;-webkit-background-size:cover;-moz-background-size:cover;-o-background-size:cover;background-size:cover;padding: 0px 0px 0px 0px;\"><span class=\" fusion-imageframe imageframe-none imageframe-3 hover-type-zoomin\"><a href=\"https:\/\/enerparking.com\/wp-content\/uploads\/2024\/02\/ENERparking_padel_10pistas_05.jpg\" class=\"fusion-lightbox\" data-rel=\"iLightbox[41347cc7b8e220b9af6]\" data-title=\"ENERparking_padel_10pistas_05\" title=\"ENERparking_padel_10pistas_05\"><img decoding=\"async\" width=\"1920\" height=\"1080\" src=\"https:\/\/enerparking.com\/wp-content\/uploads\/2024\/02\/ENERparking_padel_10pistas_05.jpg\" alt class=\"img-responsive wp-image-23171\" srcset=\"https:\/\/enerparking.com\/wp-content\/uploads\/2024\/02\/ENERparking_padel_10pistas_05-200x113.jpg 200w, https:\/\/enerparking.com\/wp-content\/uploads\/2024\/02\/ENERparking_padel_10pistas_05-400x225.jpg 400w, https:\/\/enerparking.com\/wp-content\/uploads\/2024\/02\/ENERparking_padel_10pistas_05-600x338.jpg 600w, https:\/\/enerparking.com\/wp-content\/uploads\/2024\/02\/ENERparking_padel_10pistas_05-800x450.jpg 800w, https:\/\/enerparking.com\/wp-content\/uploads\/2024\/02\/ENERparking_padel_10pistas_05-1200x675.jpg 1200w, https:\/\/enerparking.com\/wp-content\/uploads\/2024\/02\/ENERparking_padel_10pistas_05.jpg 1920w\" sizes=\"(max-width: 800px) 100vw, 400px\" \/><\/a><\/span><div class=\"fusion-clearfix\"><\/div><\/div><\/div><\/div><\/div><div class=\"fusion-fullwidth fullwidth-box fusion-builder-row-3 fusion-flex-container has-pattern-background has-mask-background nonhundred-percent-fullwidth non-hundred-percent-height-scrolling\" style=\"background-color: rgba(255,255,255,0);background-position: center center;background-repeat: no-repeat;border-width: 0px 0px 0px 0px;border-color:#eae9e9;border-style:solid;\" ><div class=\"fusion-builder-row fusion-row fusion-flex-align-items-flex-start\" style=\"max-width:1216.8px;margin-left: calc(-4% \/ 2 );margin-right: calc(-4% \/ 2 );\"><div class=\"fusion-layout-column fusion_builder_column fusion-builder-column-4 fusion_builder_column_1_2 1_2 fusion-flex-column\"><div class=\"fusion-column-wrapper fusion-flex-justify-content-flex-start fusion-content-layout-column\" style=\"background-position:left top;background-repeat:no-repeat;-webkit-background-size:cover;-moz-background-size:cover;-o-background-size:cover;background-size:cover;padding: 0px 0px 0px 0px;\"><div class=\"fusion-text fusion-text-2\"><p>Actualmente, el proyecto se encuentra en la fase de obra civil, avanzando con la cimentaci\u00f3n y urbanizaci\u00f3n para dar forma al innovador Smash P\u00e1del Playa de Muro.<\/p>\n<p><strong>La instalaci\u00f3n de la cubierta est\u00e1 programada para marzo 2024<\/strong>, marcando un hito en sostenibilidad y renovaci\u00f3n deportiva.<\/p>\n<p>Continuamos avanzando hacia un futuro m\u00e1s sostenible en Mallorca. <em><strong>\u00a1Atentos a la evoluci\u00f3n de la obra!<\/strong><\/em><\/p>\n<div class=\"notranslate\" style=\"all: initial;\"><\/div>\n<\/div><\/div><style type=\"text\/css\">.fusion-body .fusion-builder-column-4{width:50% !important;margin-top : 25px;margin-bottom : 20px;}.fusion-builder-column-4 > .fusion-column-wrapper {padding-top : 0px !important;padding-right : 0px !important;margin-right : 3.84%;padding-bottom : 0px !important;padding-left : 0px !important;margin-left : 3.84%;}@media only screen and (max-width:1024px) {.fusion-body .fusion-builder-column-4{width:100% !important;order : 0;}.fusion-builder-column-4 > .fusion-column-wrapper {margin-right : 1.92%;margin-left : 1.92%;}}@media only screen and (max-width:640px) {.fusion-body .fusion-builder-column-4{width:100% !important;order : 0;}.fusion-builder-column-4 > .fusion-column-wrapper {margin-right : 1.92%;margin-left : 1.92%;}}<\/style><\/div><div class=\"fusion-layout-column fusion_builder_column fusion-builder-column-5 fusion_builder_column_1_2 1_2 fusion-flex-column\"><div class=\"fusion-column-wrapper fusion-flex-justify-content-flex-start fusion-content-layout-column\" style=\"background-position:left top;background-repeat:no-repeat;-webkit-background-size:cover;-moz-background-size:cover;-o-background-size:cover;background-size:cover;padding: 0px 0px 0px 0px;\"><div class=\"fusion-text fusion-text-3\"><blockquote>\n<p>Este proyecto representa un logro significativo en t\u00e9rminos de sostenibilidad y demuestra nuestro compromiso con la comunidad mediante el desarrollo de energ\u00edas renovables y la innovaci\u00f3n en el uso de espacios deportivos en la isla de Mallorca.<\/p>\n<\/blockquote>\n<\/div><\/div><style type=\"text\/css\">.fusion-body .fusion-builder-column-5{width:50% !important;margin-top : 32px;margin-bottom : 20px;}.fusion-builder-column-5 > .fusion-column-wrapper {padding-top : 0px !important;padding-right : 0px !important;margin-right : 3.84%;padding-bottom : 0px !important;padding-left : 0px !important;margin-left : 3.84%;}@media only screen and (max-width:1024px) {.fusion-body .fusion-builder-column-5{width:100% !important;order : 0;}.fusion-builder-column-5 > .fusion-column-wrapper {margin-right : 1.92%;margin-left : 1.92%;}}@media only screen and (max-width:640px) {.fusion-body .fusion-builder-column-5{width:100% !important;order : 0;}.fusion-builder-column-5 > .fusion-column-wrapper {margin-right : 1.92%;margin-left : 1.92%;}}<\/style><\/div><div class=\"fusion-layout-column fusion_builder_column fusion-builder-column-6 fusion_builder_column_1_1 1_1 fusion-flex-column\"><div class=\"fusion-column-wrapper fusion-flex-justify-content-flex-start fusion-content-layout-column\" style=\"background-position:left top;background-repeat:no-repeat;-webkit-background-size:cover;-moz-background-size:cover;-o-background-size:cover;background-size:cover;padding: 0px 0px 0px 0px;\"><div ><style>.fusion-body .fusion-button.button-1{border-color:var(--awb-color1);border-radius:2px 2px 2px 2px;background:var(--awb-custom17);background-image:linear-gradient(180deg,var(--awb-custom17) 100%,#5aabd6 100%);font-family:\"Raleway\";font-weight:400;}.fusion-body .fusion-button.button-1 .fusion-button-text,.fusion-body .fusion-button.button-1 i,.fusion-body .fusion-button.button-1:hover .fusion-button-text,.fusion-body .fusion-button.button-1:hover i,.fusion-body .fusion-button.button-1:focus .fusion-button-text,.fusion-body .fusion-button.button-1:focus i,.fusion-body .fusion-button.button-1:active .fusion-button-text,.fusion-body .fusion-button.button-1:active i{color:var(--awb-color1);}.fusion-body .fusion-button.button-1:hover,.fusion-body .fusion-button.button-1:active,.fusion-body .fusion-button.button-1:focus{border-color:var(--awb-color1);background:var(--awb-custom15);background-image:linear-gradient(180deg,var(--awb-custom15) 100%,#90c9e8 100%);}<\/style><a class=\"fusion-button button-flat fusion-button-default-size button-custom button-1 fusion-button-default-span fusion-button-default-type\" target=\"_self\" href=\"https:\/\/enerparking.com\/index.php\/blog\/\"><span class=\"fusion-button-text\">Ver todas las entradas blog<\/span><\/a><\/div><\/div><style type=\"text\/css\">.fusion-body .fusion-builder-column-6{width:100% !important;margin-top : 0px;margin-bottom : 20px;}.fusion-builder-column-6 > .fusion-column-wrapper {padding-top : 0px !important;padding-right : 0px !important;margin-right : 1.92%;padding-bottom : 0px !important;padding-left : 0px !important;margin-left : 1.92%;}@media only screen and (max-width:1024px) {.fusion-body .fusion-builder-column-6{width:100% !important;order : 0;}.fusion-builder-column-6 > .fusion-column-wrapper {margin-right : 1.92%;margin-left : 1.92%;}}@media only screen and (max-width:640px) {.fusion-body .fusion-builder-column-6{width:100% !important;order : 0;}.fusion-builder-column-6 > .fusion-column-wrapper {margin-right : 1.92%;margin-left : 1.92%;}}<\/style><\/div><\/div><style type=\"text\/css\">.fusion-body .fusion-flex-container.fusion-builder-row-3{ padding-top : 0px;margin-top : 0px;padding-right : 0px;padding-bottom : 0px;margin-bottom : 0px;padding-left : 0px;}<\/style><\/div><\/p>\n","protected":false},"excerpt":{"rendered":"","protected":false},"author":1,"featured_media":22967,"comment_status":"closed","ping_status":"closed","sticky":false,"template":"","format":"standard","meta":{"footnotes":""},"categories":[551,555],"tags":[531,491,507,487,511],"class_list":["post-23169","post","type-post","status-publish","format-standard","has-post-thumbnail","hentry","category-nuevo-proyecto","category-obra-en-curso","tag-cubierta-solar","tag-estaciones-de-carga","tag-movilidad-urbana","tag-paneles-solares","tag-proyectos-destacados"],"yoast_head":"<!-- This site is optimized with the Yoast SEO plugin v26.2 - https:\/\/yoast.com\/wordpress\/plugins\/seo\/ -->\n<title>Nuevo Proyecto: Cubierta Solar para 10 pistas de p\u00e1del en Mallorca. - ENERparking<\/title>\n<meta name=\"robots\" content=\"index, follow, max-snippet:-1, max-image-preview:large, max-video-preview:-1\" \/>\n<link rel=\"canonical\" href=\"https:\/\/enerparking.com\/index.php\/2024\/01\/02\/cubierta-solar-para-pistas-de-padel-en-mallorca\/\" \/>\n<meta property=\"og:locale\" content=\"es_ES\" \/>\n<meta property=\"og:type\" content=\"article\" \/>\n<meta property=\"og:title\" content=\"Nuevo Proyecto: Cubierta Solar para 10 pistas de p\u00e1del en Mallorca. - ENERparking\" \/>\n<meta property=\"og:url\" content=\"https:\/\/enerparking.com\/index.php\/2024\/01\/02\/cubierta-solar-para-pistas-de-padel-en-mallorca\/\" \/>\n<meta property=\"og:site_name\" content=\"ENERparking\" \/>\n<meta property=\"article:published_time\" content=\"2024-01-02T09:33:27+00:00\" \/>\n<meta property=\"article:modified_time\" content=\"2024-08-07T09:40:52+00:00\" \/>\n<meta property=\"og:image\" content=\"https:\/\/enerparking.com\/wp-content\/uploads\/2024\/02\/ENERparking_padel_01-1024x576.png\" \/>\n\t<meta property=\"og:image:width\" content=\"1024\" \/>\n\t<meta property=\"og:image:height\" content=\"576\" \/>\n\t<meta property=\"og:image:type\" content=\"image\/png\" \/>\n<meta name=\"author\" content=\"admin\" \/>\n<meta name=\"twitter:card\" content=\"summary_large_image\" \/>\n<meta name=\"twitter:label1\" content=\"Escrito por\" \/>\n\t<meta name=\"twitter:data1\" content=\"admin\" \/>\n\t<meta name=\"twitter:label2\" content=\"Tiempo de lectura\" \/>\n\t<meta name=\"twitter:data2\" content=\"5 minutos\" \/>\n<script type=\"application\/ld+json\" class=\"yoast-schema-graph\">{\"@context\":\"https:\/\/schema.org\",\"@graph\":[{\"@type\":\"Article\",\"@id\":\"https:\/\/enerparking.com\/index.php\/2024\/01\/02\/cubierta-solar-para-pistas-de-padel-en-mallorca\/#article\",\"isPartOf\":{\"@id\":\"https:\/\/enerparking.com\/index.php\/2024\/01\/02\/cubierta-solar-para-pistas-de-padel-en-mallorca\/\"},\"author\":{\"name\":\"admin\",\"@id\":\"https:\/\/enerparking.com\/#\/schema\/person\/6c5800f07aa0462086b750a2df88cfb4\"},\"headline\":\"Nuevo Proyecto: Cubierta Solar para 10 pistas de p\u00e1del en Mallorca.\",\"datePublished\":\"2024-01-02T09:33:27+00:00\",\"dateModified\":\"2024-08-07T09:40:52+00:00\",\"mainEntityOfPage\":{\"@id\":\"https:\/\/enerparking.com\/index.php\/2024\/01\/02\/cubierta-solar-para-pistas-de-padel-en-mallorca\/\"},\"wordCount\":2194,\"publisher\":{\"@id\":\"https:\/\/enerparking.com\/#organization\"},\"image\":{\"@id\":\"https:\/\/enerparking.com\/index.php\/2024\/01\/02\/cubierta-solar-para-pistas-de-padel-en-mallorca\/#primaryimage\"},\"thumbnailUrl\":\"https:\/\/enerparking.com\/wp-content\/uploads\/2024\/02\/ENERparking_padel_01.png\",\"keywords\":[\"Cubierta Solar\",\"Estaciones de Carga\",\"Movilidad Urbana\",\"Paneles Solares\",\"Proyectos Destacados\"],\"articleSection\":[\"Nuevo proyecto\",\"Obra en curso\"],\"inLanguage\":\"es\"},{\"@type\":\"WebPage\",\"@id\":\"https:\/\/enerparking.com\/index.php\/2024\/01\/02\/cubierta-solar-para-pistas-de-padel-en-mallorca\/\",\"url\":\"https:\/\/enerparking.com\/index.php\/2024\/01\/02\/cubierta-solar-para-pistas-de-padel-en-mallorca\/\",\"name\":\"Nuevo Proyecto: Cubierta Solar para 10 pistas de p\u00e1del en Mallorca. - ENERparking\",\"isPartOf\":{\"@id\":\"https:\/\/enerparking.com\/#website\"},\"primaryImageOfPage\":{\"@id\":\"https:\/\/enerparking.com\/index.php\/2024\/01\/02\/cubierta-solar-para-pistas-de-padel-en-mallorca\/#primaryimage\"},\"image\":{\"@id\":\"https:\/\/enerparking.com\/index.php\/2024\/01\/02\/cubierta-solar-para-pistas-de-padel-en-mallorca\/#primaryimage\"},\"thumbnailUrl\":\"https:\/\/enerparking.com\/wp-content\/uploads\/2024\/02\/ENERparking_padel_01.png\",\"datePublished\":\"2024-01-02T09:33:27+00:00\",\"dateModified\":\"2024-08-07T09:40:52+00:00\",\"breadcrumb\":{\"@id\":\"https:\/\/enerparking.com\/index.php\/2024\/01\/02\/cubierta-solar-para-pistas-de-padel-en-mallorca\/#breadcrumb\"},\"inLanguage\":\"es\",\"potentialAction\":[{\"@type\":\"ReadAction\",\"target\":[\"https:\/\/enerparking.com\/index.php\/2024\/01\/02\/cubierta-solar-para-pistas-de-padel-en-mallorca\/\"]}]},{\"@type\":\"ImageObject\",\"inLanguage\":\"es\",\"@id\":\"https:\/\/enerparking.com\/index.php\/2024\/01\/02\/cubierta-solar-para-pistas-de-padel-en-mallorca\/#primaryimage\",\"url\":\"https:\/\/enerparking.com\/wp-content\/uploads\/2024\/02\/ENERparking_padel_01.png\",\"contentUrl\":\"https:\/\/enerparking.com\/wp-content\/uploads\/2024\/02\/ENERparking_padel_01.png\",\"width\":1920,\"height\":1080},{\"@type\":\"BreadcrumbList\",\"@id\":\"https:\/\/enerparking.com\/index.php\/2024\/01\/02\/cubierta-solar-para-pistas-de-padel-en-mallorca\/#breadcrumb\",\"itemListElement\":[{\"@type\":\"ListItem\",\"position\":1,\"name\":\"Portada\",\"item\":\"https:\/\/enerparking.com\/\"},{\"@type\":\"ListItem\",\"position\":2,\"name\":\"Nuevo Proyecto: Cubierta Solar para 10 pistas de p\u00e1del en Mallorca.\"}]},{\"@type\":\"WebSite\",\"@id\":\"https:\/\/enerparking.com\/#website\",\"url\":\"https:\/\/enerparking.com\/\",\"name\":\"ENERparking\",\"description\":\"Energ\u00eda Solar\",\"publisher\":{\"@id\":\"https:\/\/enerparking.com\/#organization\"},\"potentialAction\":[{\"@type\":\"SearchAction\",\"target\":{\"@type\":\"EntryPoint\",\"urlTemplate\":\"https:\/\/enerparking.com\/?s={search_term_string}\"},\"query-input\":{\"@type\":\"PropertyValueSpecification\",\"valueRequired\":true,\"valueName\":\"search_term_string\"}}],\"inLanguage\":\"es\"},{\"@type\":\"Organization\",\"@id\":\"https:\/\/enerparking.com\/#organization\",\"name\":\"ENERparking\",\"url\":\"https:\/\/enerparking.com\/\",\"logo\":{\"@type\":\"ImageObject\",\"inLanguage\":\"es\",\"@id\":\"https:\/\/enerparking.com\/#\/schema\/logo\/image\/\",\"url\":\"https:\/\/enerparking.com\/wp-content\/uploads\/2020\/05\/Enerparking_logo_mobile2x-1.png\",\"contentUrl\":\"https:\/\/enerparking.com\/wp-content\/uploads\/2020\/05\/Enerparking_logo_mobile2x-1.png\",\"width\":448,\"height\":115,\"caption\":\"ENERparking\"},\"image\":{\"@id\":\"https:\/\/enerparking.com\/#\/schema\/logo\/image\/\"}},{\"@type\":\"Person\",\"@id\":\"https:\/\/enerparking.com\/#\/schema\/person\/6c5800f07aa0462086b750a2df88cfb4\",\"name\":\"admin\",\"image\":{\"@type\":\"ImageObject\",\"inLanguage\":\"es\",\"@id\":\"https:\/\/enerparking.com\/#\/schema\/person\/image\/\",\"url\":\"https:\/\/secure.gravatar.com\/avatar\/6a583061ed2a9eaffd9635d75f773bc1d3be4ee8e6401c0d862e0e99ae145bb1?s=96&d=mm&r=g\",\"contentUrl\":\"https:\/\/secure.gravatar.com\/avatar\/6a583061ed2a9eaffd9635d75f773bc1d3be4ee8e6401c0d862e0e99ae145bb1?s=96&d=mm&r=g\",\"caption\":\"admin\"},\"url\":\"https:\/\/enerparking.com\/index.php\/author\/admin\/\"}]}<\/script>\n<!-- \/ Yoast SEO plugin. -->","yoast_head_json":{"title":"Nuevo Proyecto: Cubierta Solar para 10 pistas de p\u00e1del en Mallorca. - ENERparking","robots":{"index":"index","follow":"follow","max-snippet":"max-snippet:-1","max-image-preview":"max-image-preview:large","max-video-preview":"max-video-preview:-1"},"canonical":"https:\/\/enerparking.com\/index.php\/2024\/01\/02\/cubierta-solar-para-pistas-de-padel-en-mallorca\/","og_locale":"es_ES","og_type":"article","og_title":"Nuevo Proyecto: Cubierta Solar para 10 pistas de p\u00e1del en Mallorca. - ENERparking","og_url":"https:\/\/enerparking.com\/index.php\/2024\/01\/02\/cubierta-solar-para-pistas-de-padel-en-mallorca\/","og_site_name":"ENERparking","article_published_time":"2024-01-02T09:33:27+00:00","article_modified_time":"2024-08-07T09:40:52+00:00","og_image":[{"width":1024,"height":576,"url":"https:\/\/enerparking.com\/wp-content\/uploads\/2024\/02\/ENERparking_padel_01-1024x576.png","type":"image\/png"}],"author":"admin","twitter_card":"summary_large_image","twitter_misc":{"Escrito por":"admin","Tiempo de lectura":"5 minutos"},"schema":{"@context":"https:\/\/schema.org","@graph":[{"@type":"Article","@id":"https:\/\/enerparking.com\/index.php\/2024\/01\/02\/cubierta-solar-para-pistas-de-padel-en-mallorca\/#article","isPartOf":{"@id":"https:\/\/enerparking.com\/index.php\/2024\/01\/02\/cubierta-solar-para-pistas-de-padel-en-mallorca\/"},"author":{"name":"admin","@id":"https:\/\/enerparking.com\/#\/schema\/person\/6c5800f07aa0462086b750a2df88cfb4"},"headline":"Nuevo Proyecto: Cubierta Solar para 10 pistas de p\u00e1del en Mallorca.","datePublished":"2024-01-02T09:33:27+00:00","dateModified":"2024-08-07T09:40:52+00:00","mainEntityOfPage":{"@id":"https:\/\/enerparking.com\/index.php\/2024\/01\/02\/cubierta-solar-para-pistas-de-padel-en-mallorca\/"},"wordCount":2194,"publisher":{"@id":"https:\/\/enerparking.com\/#organization"},"image":{"@id":"https:\/\/enerparking.com\/index.php\/2024\/01\/02\/cubierta-solar-para-pistas-de-padel-en-mallorca\/#primaryimage"},"thumbnailUrl":"https:\/\/enerparking.com\/wp-content\/uploads\/2024\/02\/ENERparking_padel_01.png","keywords":["Cubierta Solar","Estaciones de Carga","Movilidad Urbana","Paneles Solares","Proyectos Destacados"],"articleSection":["Nuevo proyecto","Obra en curso"],"inLanguage":"es"},{"@type":"WebPage","@id":"https:\/\/enerparking.com\/index.php\/2024\/01\/02\/cubierta-solar-para-pistas-de-padel-en-mallorca\/","url":"https:\/\/enerparking.com\/index.php\/2024\/01\/02\/cubierta-solar-para-pistas-de-padel-en-mallorca\/","name":"Nuevo Proyecto: Cubierta Solar para 10 pistas de p\u00e1del en Mallorca. - ENERparking","isPartOf":{"@id":"https:\/\/enerparking.com\/#website"},"primaryImageOfPage":{"@id":"https:\/\/enerparking.com\/index.php\/2024\/01\/02\/cubierta-solar-para-pistas-de-padel-en-mallorca\/#primaryimage"},"image":{"@id":"https:\/\/enerparking.com\/index.php\/2024\/01\/02\/cubierta-solar-para-pistas-de-padel-en-mallorca\/#primaryimage"},"thumbnailUrl":"https:\/\/enerparking.com\/wp-content\/uploads\/2024\/02\/ENERparking_padel_01.png","datePublished":"2024-01-02T09:33:27+00:00","dateModified":"2024-08-07T09:40:52+00:00","breadcrumb":{"@id":"https:\/\/enerparking.com\/index.php\/2024\/01\/02\/cubierta-solar-para-pistas-de-padel-en-mallorca\/#breadcrumb"},"inLanguage":"es","potentialAction":[{"@type":"ReadAction","target":["https:\/\/enerparking.com\/index.php\/2024\/01\/02\/cubierta-solar-para-pistas-de-padel-en-mallorca\/"]}]},{"@type":"ImageObject","inLanguage":"es","@id":"https:\/\/enerparking.com\/index.php\/2024\/01\/02\/cubierta-solar-para-pistas-de-padel-en-mallorca\/#primaryimage","url":"https:\/\/enerparking.com\/wp-content\/uploads\/2024\/02\/ENERparking_padel_01.png","contentUrl":"https:\/\/enerparking.com\/wp-content\/uploads\/2024\/02\/ENERparking_padel_01.png","width":1920,"height":1080},{"@type":"BreadcrumbList","@id":"https:\/\/enerparking.com\/index.php\/2024\/01\/02\/cubierta-solar-para-pistas-de-padel-en-mallorca\/#breadcrumb","itemListElement":[{"@type":"ListItem","position":1,"name":"Portada","item":"https:\/\/enerparking.com\/"},{"@type":"ListItem","position":2,"name":"Nuevo Proyecto: Cubierta Solar para 10 pistas de p\u00e1del en Mallorca."}]},{"@type":"WebSite","@id":"https:\/\/enerparking.com\/#website","url":"https:\/\/enerparking.com\/","name":"ENERparking","description":"Energ\u00eda Solar","publisher":{"@id":"https:\/\/enerparking.com\/#organization"},"potentialAction":[{"@type":"SearchAction","target":{"@type":"EntryPoint","urlTemplate":"https:\/\/enerparking.com\/?s={search_term_string}"},"query-input":{"@type":"PropertyValueSpecification","valueRequired":true,"valueName":"search_term_string"}}],"inLanguage":"es"},{"@type":"Organization","@id":"https:\/\/enerparking.com\/#organization","name":"ENERparking","url":"https:\/\/enerparking.com\/","logo":{"@type":"ImageObject","inLanguage":"es","@id":"https:\/\/enerparking.com\/#\/schema\/logo\/image\/","url":"https:\/\/enerparking.com\/wp-content\/uploads\/2020\/05\/Enerparking_logo_mobile2x-1.png","contentUrl":"https:\/\/enerparking.com\/wp-content\/uploads\/2020\/05\/Enerparking_logo_mobile2x-1.png","width":448,"height":115,"caption":"ENERparking"},"image":{"@id":"https:\/\/enerparking.com\/#\/schema\/logo\/image\/"}},{"@type":"Person","@id":"https:\/\/enerparking.com\/#\/schema\/person\/6c5800f07aa0462086b750a2df88cfb4","name":"admin","image":{"@type":"ImageObject","inLanguage":"es","@id":"https:\/\/enerparking.com\/#\/schema\/person\/image\/","url":"https:\/\/secure.gravatar.com\/avatar\/6a583061ed2a9eaffd9635d75f773bc1d3be4ee8e6401c0d862e0e99ae145bb1?s=96&d=mm&r=g","contentUrl":"https:\/\/secure.gravatar.com\/avatar\/6a583061ed2a9eaffd9635d75f773bc1d3be4ee8e6401c0d862e0e99ae145bb1?s=96&d=mm&r=g","caption":"admin"},"url":"https:\/\/enerparking.com\/index.php\/author\/admin\/"}]}},"_links":{"self":[{"href":"https:\/\/enerparking.com\/index.php\/wp-json\/wp\/v2\/posts\/23169","targetHints":{"allow":["GET"]}}],"collection":[{"href":"https:\/\/enerparking.com\/index.php\/wp-json\/wp\/v2\/posts"}],"about":[{"href":"https:\/\/enerparking.com\/index.php\/wp-json\/wp\/v2\/types\/post"}],"author":[{"embeddable":true,"href":"https:\/\/enerparking.com\/index.php\/wp-json\/wp\/v2\/users\/1"}],"replies":[{"embeddable":true,"href":"https:\/\/enerparking.com\/index.php\/wp-json\/wp\/v2\/comments?post=23169"}],"version-history":[{"count":8,"href":"https:\/\/enerparking.com\/index.php\/wp-json\/wp\/v2\/posts\/23169\/revisions"}],"predecessor-version":[{"id":23807,"href":"https:\/\/enerparking.com\/index.php\/wp-json\/wp\/v2\/posts\/23169\/revisions\/23807"}],"wp:featuredmedia":[{"embeddable":true,"href":"https:\/\/enerparking.com\/index.php\/wp-json\/wp\/v2\/media\/22967"}],"wp:attachment":[{"href":"https:\/\/enerparking.com\/index.php\/wp-json\/wp\/v2\/media?parent=23169"}],"wp:term":[{"taxonomy":"category","embeddable":true,"href":"https:\/\/enerparking.com\/index.php\/wp-json\/wp\/v2\/categories?post=23169"},{"taxonomy":"post_tag","embeddable":true,"href":"https:\/\/enerparking.com\/index.php\/wp-json\/wp\/v2\/tags?post=23169"}],"curies":[{"name":"wp","href":"https:\/\/api.w.org\/{rel}","templated":true}]}}